{"id":2495,"date":"2026-08-28T03:53:56","date_gmt":"2026-08-28T03:53:56","guid":{"rendered":"https:\/\/nuestroparche.com\/?p=2495"},"modified":"2026-08-30T07:56:38","modified_gmt":"2026-08-30T07:56:38","slug":"sobrevivio-al-terremoto-no-al-retiro-de-escombros-la-denuncia-por-una-camioneta-en-torres-del-limonar","status":"publish","type":"post","link":"https:\/\/nuestroparche.com\/index.php\/2026\/08\/28\/sobrevivio-al-terremoto-no-al-retiro-de-escombros-la-denuncia-por-una-camioneta-en-torres-del-limonar\/","title":{"rendered":"Sobrevivi\u00f3 al terremoto, no al retiro de escombros: la denuncia por una camioneta en Torres del Limonar"},"content":{"rendered":"\n<p>La camioneta de<strong> Ezequiel Lucero<\/strong>\u00a0 resisti\u00f3 el terremoto que derrumb\u00f3 su edificio en<strong> Torres del Limonar. <\/strong>Qued\u00f3 intacta en el s\u00f3tano, bajo una placa que no cedi\u00f3. Semanas despu\u00e9s, Ezequiel denuncia que la perdi\u00f3 no por el sismo, sino durante la remoci\u00f3n de escombros: asegura que le prometieron sacarla de \u00faltima y con cuidado, y que una m\u00e1quina la destruy\u00f3 sin avisar. Hasta el cierre de esta nota, nadie le ha respondido qui\u00e9n asume el da\u00f1o.<\/p>\n\n\n\n<p><\/p>\n\n\n\n<figure class=\"wp-block-image size-large\"><img decoding=\"async\" loading=\"lazy\" width=\"1024\" height=\"683\" src=\"https:\/\/nuestroparche.com\/wp-content\/uploads\/2026\/08\/IMG_0285-FOTO-PORTADA-1024x683.jpg\" alt=\"\" class=\"wp-image-2496\" srcset=\"https:\/\/nuestroparche.com\/wp-content\/uploads\/2026\/08\/IMG_0285-FOTO-PORTADA-1024x683.jpg 1024w, https:\/\/nuestroparche.com\/wp-content\/uploads\/2026\/08\/IMG_0285-FOTO-PORTADA-300x200.jpg 300w, https:\/\/nuestroparche.com\/wp-content\/uploads\/2026\/08\/IMG_0285-FOTO-PORTADA-768x512.jpg 768w, https:\/\/nuestroparche.com\/wp-content\/uploads\/2026\/08\/IMG_0285-FOTO-PORTADA-1536x1024.jpg 1536w, https:\/\/nuestroparche.com\/wp-content\/uploads\/2026\/08\/IMG_0285-FOTO-PORTADA-2048x1365.jpg 2048w\" sizes=\"(max-width: 1024px) 100vw, 1024px\" \/><figcaption class=\"wp-element-caption\">Foto | Nuestro Parche | Durante la visita a Torres de Limonar | Camioneta de <strong>Higinio Ezequiel Lucero<\/strong>\u00a0Figueroa.<\/figcaption><\/figure>\n\n\n\n<p>El terremoto de magnitud 7,4 del pasado 10 de agosto, a las 7:34 de la ma\u00f1ana, dej\u00f3 a Torres del Limonar, en el barrio Capri del sur de Cali, convertido en uno de los s\u00edmbolos m\u00e1s dolorosos de la tragedia. Seg\u00fan el \u00faltimo reporte de la Alcald\u00eda de Cali, la emergencia dej\u00f3 en la ciudad m\u00e1s de 150 personas fallecidas y m\u00e1s de 1.500 heridas, con casi mil edificaciones afectadas. La cifra sigui\u00f3 actualiz\u00e1ndose durante todo el mes.<\/p>\n\n\n\n<figure class=\"wp-block-image size-large\"><img decoding=\"async\" loading=\"lazy\" width=\"1024\" height=\"683\" src=\"https:\/\/nuestroparche.com\/wp-content\/uploads\/2026\/08\/IMG_0281-copy-0-1024x683.jpg\" alt=\"\" class=\"wp-image-2497\" srcset=\"https:\/\/nuestroparche.com\/wp-content\/uploads\/2026\/08\/IMG_0281-copy-0-1024x683.jpg 1024w, https:\/\/nuestroparche.com\/wp-content\/uploads\/2026\/08\/IMG_0281-copy-0-300x200.jpg 300w, https:\/\/nuestroparche.com\/wp-content\/uploads\/2026\/08\/IMG_0281-copy-0-768x512.jpg 768w, https:\/\/nuestroparche.com\/wp-content\/uploads\/2026\/08\/IMG_0281-copy-0-1536x1024.jpg 1536w, https:\/\/nuestroparche.com\/wp-content\/uploads\/2026\/08\/IMG_0281-copy-0-2048x1365.jpg 2048w\" sizes=\"(max-width: 1024px) 100vw, 1024px\" \/><\/figure>\n\n\n\n<h2>Lo \u00fanico que qued\u00f3 en pie estaba en el s\u00f3tano<\/h2>\n\n\n\n<p>Ezequiel cuenta que compr\u00f3 su apartamento en marzo de este a\u00f1o, tras 42 a\u00f1os de trabajo. En el colapso lo perdi\u00f3 todo. All\u00ed viv\u00edan su hijo, m\u00e9dico, y su nuera, Andrea Perenguez, comunicadora social; ella sobrevivi\u00f3 al derrumbe, result\u00f3 herida y, seg\u00fan \u00e9l, fue atendida en la Cl\u00ednica Valle de Lili. \u00abNo quedamos sino con la ropa puesta\u00bb, dice.<\/p>\n\n\n\n<p>De todo lo que ten\u00eda, solo una cosa qued\u00f3 en pie: una camioneta modelo 2011 que \u00e9l valora en unos 120 millones de pesos cuando estaba entera. El veh\u00edculo qued\u00f3 protegido en el s\u00f3tano por una placa que aguant\u00f3 el peso de la estructura. \u00abQued\u00f3 el s\u00f3tano con el techo cubierto protegiendo la camioneta, no se cay\u00f3\u00bb, relata.<\/p>\n\n\n\n<figure class=\"wp-block-image size-full\"><img decoding=\"async\" loading=\"lazy\" width=\"975\" height=\"627\" src=\"https:\/\/nuestroparche.com\/wp-content\/uploads\/2026\/08\/Camioneta-en-buen-estado-1.png\" alt=\"\" class=\"wp-image-2498\" srcset=\"https:\/\/nuestroparche.com\/wp-content\/uploads\/2026\/08\/Camioneta-en-buen-estado-1.png 975w, https:\/\/nuestroparche.com\/wp-content\/uploads\/2026\/08\/Camioneta-en-buen-estado-1-300x193.png 300w, https:\/\/nuestroparche.com\/wp-content\/uploads\/2026\/08\/Camioneta-en-buen-estado-1-768x494.png 768w\" sizes=\"(max-width: 975px) 100vw, 975px\" \/><figcaption class=\"wp-element-caption\">Foto | NP<\/figcaption><\/figure>\n\n\n\n<h2>Un compromiso verbal y una demolici\u00f3n sin aviso<\/h2>\n\n\n\n<p>Ezequiel asegura que, tras el sismo, se le indic\u00f3 que la demolici\u00f3n avanzar\u00eda por otro costado y que la camioneta se sacar\u00eda de \u00faltima, empujada con cuidado. Con esa expectativa, cuenta, alcanz\u00f3 a apuntalarla, ponerle gatos hidr\u00e1ulicos y cubrirla para protegerla del polvo.<\/p>\n\n\n\n<p>El d\u00eda del da\u00f1o se ausent\u00f3 para buscar d\u00f3nde vivir, porque la casa que ten\u00eda arrendada ya se la hab\u00edan pedido. Al mediod\u00eda, seg\u00fan su relato, lleg\u00f3 una m\u00e1quina con un taladro y demoli\u00f3 sin consultarle. Cuando regres\u00f3 en la tarde, la camioneta estaba fuera del s\u00f3tano y destruida. \u00abLa han sacado ac\u00e1, pero no con la tecnolog\u00eda adecuada; es un atropello\u00bb, afirma. Ezequiel invoca el art\u00edculo 58 de la Constituci\u00f3n, que ordena proteger el bien ajeno, y sostiene que alguien debe asumir los costos.<\/p>\n\n\n\n<figure class=\"wp-block-image size-large\"><img decoding=\"async\" loading=\"lazy\" width=\"1024\" height=\"683\" src=\"https:\/\/nuestroparche.com\/wp-content\/uploads\/2026\/08\/IMG_0292-1024x683.jpg\" alt=\"\" class=\"wp-image-2499\" srcset=\"https:\/\/nuestroparche.com\/wp-content\/uploads\/2026\/08\/IMG_0292-1024x683.jpg 1024w, https:\/\/nuestroparche.com\/wp-content\/uploads\/2026\/08\/IMG_0292-300x200.jpg 300w, https:\/\/nuestroparche.com\/wp-content\/uploads\/2026\/08\/IMG_0292-768x512.jpg 768w, https:\/\/nuestroparche.com\/wp-content\/uploads\/2026\/08\/IMG_0292-1536x1024.jpg 1536w, https:\/\/nuestroparche.com\/wp-content\/uploads\/2026\/08\/IMG_0292-2048x1365.jpg 2048w\" sizes=\"(max-width: 1024px) 100vw, 1024px\" \/><figcaption class=\"wp-element-caption\"><strong><strong>Foto | NP | Ezequiel Lucero<\/strong><\/strong>,\u00a0v\u00edctima del terremoto ocurrdo el 10 de agosto del 2026 en Cali. <\/figcaption><\/figure>\n\n\n\n<h2>El reclamo pas\u00f3 por la Alcald\u00eda y la Gobernaci\u00f3n<\/h2>\n\n\n\n<p>Ezequiel dice que acudi\u00f3 personalmente a la Alcald\u00eda y que no encontr\u00f3 atenci\u00f3n. Relata que habl\u00f3 con un funcionario que identifica como Milton Castrill\u00f3n, a quien se\u00f1ala como encargado del municipio en el sitio: este no habr\u00eda estado presente en el momento del da\u00f1o, pero le habr\u00eda ofrecido una copia del contrato de la operaci\u00f3n si la solicita por escrito, para rastrear a los responsables a trav\u00e9s de la oficina de riesgos. \u00abHay una trazabilidad\u00bb, resume.<\/p>\n\n\n\n<p>Tambi\u00e9n afirma que le expuso el caso a la gobernadora Dilian Francisca Toro en una reuni\u00f3n en el parque de Capri, y que ella plante\u00f3 que se har\u00edan consideraciones con los veh\u00edculos que no estaban asegurados y estaban en buen estado. Todas estas son versiones del denunciante; hasta el momento no hay un pronunciamiento verificado de los funcionarios mencionados.<\/p>\n\n\n\n<h2>La Alcald\u00eda tiene ruta para objetos personales, no para veh\u00edculos<\/h2>\n\n\n\n<p>La Alcald\u00eda de Cali habilit\u00f3 un procedimiento para las pertenencias halladas entre los escombros: la Unidad Administrativa Especial de Servicios P\u00fablicos publica los objetos y documentos recuperados, y las familias los identifican y reclaman en el Puesto de Mando Unificado del Coliseo del Pueblo. La administraci\u00f3n tambi\u00e9n pidi\u00f3 a la ciudadan\u00eda no ingresar a inmuebles restringidos ni exponerse para recuperar pertenencias.<\/p>\n\n\n\n<p>Sobre los veh\u00edculos atrapados en los s\u00f3tanos, y sobre qui\u00e9n responde cuando la remoci\u00f3n da\u00f1a un bien que hab\u00eda sobrevivido al sismo, no se encontr\u00f3 un protocolo p\u00fablico ni una ruta oficial de compensaci\u00f3n. Es una distinci\u00f3n central: el terremoto no destruy\u00f3 esta camioneta; seg\u00fan la denuncia, lo hizo la operaci\u00f3n posterior, lo que traslada el caso del terreno del seguro por evento natural al de la responsabilidad por el da\u00f1o causado.<\/p>\n\n\n\n<blockquote class=\"instagram-media\" data-instgrm-captioned data-instgrm-permalink=\"https:\/\/www.instagram.com\/reel\/DcRZjJcRYoo\/?utm_source=ig_embed&amp;utm_campaign=loading\" data-instgrm-version=\"14\" style=\" background:#FFF; border:0; border-radius:3px; box-shadow:0 0 1px 0 rgba(0,0,0,0.5),0 1px 10px 0 rgba(0,0,0,0.15); margin: 1px; max-width:540px; min-width:326px; padding:0; width:99.375%; width:-webkit-calc(100% - 2px); width:calc(100% - 2px);\"><div style=\"padding:16px;\"> <a href=\"https:\/\/www.instagram.com\/reel\/DcRZjJcRYoo\/?utm_source=ig_embed&amp;utm_campaign=loading\" style=\" background:#FFFFFF; line-height:0; padding:0 0; text-align:center; text-decoration:none; width:100%;\" target=\"_blank\" rel=\"noopener\"> <div style=\" display: flex; flex-direction: row; align-items: center;\"> <div style=\"background-color: #F4F4F4; border-radius: 50%; flex-grow: 0; height: 40px; margin-right: 14px; width: 40px;\"><\/div> <div style=\"display: flex; flex-direction: column; flex-grow: 1; justify-content: center;\"> <div style=\" background-color: #F4F4F4; border-radius: 4px; flex-grow: 0; height: 14px; margin-bottom: 6px; width: 100px;\"><\/div> <div style=\" background-color: #F4F4F4; border-radius: 4px; flex-grow: 0; height: 14px; width: 60px;\"><\/div><\/div><\/div><div style=\"padding: 19% 0;\"><\/div> <div style=\"display:block; height:50px; margin:0 auto 12px; width:50px;\"><svg width=\"50px\" height=\"50px\" viewBox=\"0 0 60 60\" version=\"1.1\" xmlns=\"https:\/\/www.w3.org\/2000\/svg\" xmlns:xlink=\"https:\/\/www.w3.org\/1999\/xlink\"><g stroke=\"none\" stroke-width=\"1\" fill=\"none\" fill-rule=\"evenodd\"><g transform=\"translate(-511.000000, -20.000000)\" fill=\"#000000\"><g><path d=\"M556.869,30.41 C554.814,30.41 553.148,32.076 553.148,34.131 C553.148,36.186 554.814,37.852 556.869,37.852 C558.924,37.852 560.59,36.186 560.59,34.131 C560.59,32.076 558.924,30.41 556.869,30.41 M541,60.657 C535.114,60.657 530.342,55.887 530.342,50 C530.342,44.114 535.114,39.342 541,39.342 C546.887,39.342 551.658,44.114 551.658,50 C551.658,55.887 546.887,60.657 541,60.657 M541,33.886 C532.1,33.886 524.886,41.1 524.886,50 C524.886,58.899 532.1,66.113 541,66.113 C549.9,66.113 557.115,58.899 557.115,50 C557.115,41.1 549.9,33.886 541,33.886 M565.378,62.101 C565.244,65.022 564.756,66.606 564.346,67.663 C563.803,69.06 563.154,70.057 562.106,71.106 C561.058,72.155 560.06,72.803 558.662,73.347 C557.607,73.757 556.021,74.244 553.102,74.378 C549.944,74.521 548.997,74.552 541,74.552 C533.003,74.552 532.056,74.521 528.898,74.378 C525.979,74.244 524.393,73.757 523.338,73.347 C521.94,72.803 520.942,72.155 519.894,71.106 C518.846,70.057 518.197,69.06 517.654,67.663 C517.244,66.606 516.755,65.022 516.623,62.101 C516.479,58.943 516.448,57.996 516.448,50 C516.448,42.003 516.479,41.056 516.623,37.899 C516.755,34.978 517.244,33.391 517.654,32.338 C518.197,30.938 518.846,29.942 519.894,28.894 C520.942,27.846 521.94,27.196 523.338,26.654 C524.393,26.244 525.979,25.756 528.898,25.623 C532.057,25.479 533.004,25.448 541,25.448 C548.997,25.448 549.943,25.479 553.102,25.623 C556.021,25.756 557.607,26.244 558.662,26.654 C560.06,27.196 561.058,27.846 562.106,28.894 C563.154,29.942 563.803,30.938 564.346,32.338 C564.756,33.391 565.244,34.978 565.378,37.899 C565.522,41.056 565.552,42.003 565.552,50 C565.552,57.996 565.522,58.943 565.378,62.101 M570.82,37.631 C570.674,34.438 570.167,32.258 569.425,30.349 C568.659,28.377 567.633,26.702 565.965,25.035 C564.297,23.368 562.623,22.342 560.652,21.575 C558.743,20.834 556.562,20.326 553.369,20.18 C550.169,20.033 549.148,20 541,20 C532.853,20 531.831,20.033 528.631,20.18 C525.438,20.326 523.257,20.834 521.349,21.575 C519.376,22.342 517.703,23.368 516.035,25.035 C514.368,26.702 513.342,28.377 512.574,30.349 C511.834,32.258 511.326,34.438 511.181,37.631 C511.035,40.831 511,41.851 511,50 C511,58.147 511.035,59.17 511.181,62.369 C511.326,65.562 511.834,67.743 512.574,69.651 C513.342,71.625 514.368,73.296 516.035,74.965 C517.703,76.634 519.376,77.658 521.349,78.425 C523.257,79.167 525.438,79.673 528.631,79.82 C531.831,79.965 532.853,80.001 541,80.001 C549.148,80.001 550.169,79.965 553.369,79.82 C556.562,79.673 558.743,79.167 560.652,78.425 C562.623,77.658 564.297,76.634 565.965,74.965 C567.633,73.296 568.659,71.625 569.425,69.651 C570.167,67.743 570.674,65.562 570.82,62.369 C570.966,59.17 571,58.147 571,50 C571,41.851 570.966,40.831 570.82,37.631\"><\/path><\/g><\/g><\/g><\/svg><\/div><div style=\"padding-top: 8px;\"> <div style=\" color:#3897f0; font-family:Arial,sans-serif; font-size:14px; font-style:normal; font-weight:550; line-height:18px;\">Ver esta publicaci\u00f3n en Instagram<\/div><\/div><div style=\"padding: 12.5% 0;\"><\/div> <div style=\"display: flex; flex-direction: row; margin-bottom: 14px; align-items: center;\"><div> <div style=\"background-color: #F4F4F4; border-radius: 50%; height: 12.5px; width: 12.5px; transform: translateX(0px) translateY(7px);\"><\/div> <div style=\"background-color: #F4F4F4; height: 12.5px; transform: rotate(-45deg) translateX(3px) translateY(1px); width: 12.5px; flex-grow: 0; margin-right: 14px; margin-left: 2px;\"><\/div> <div style=\"background-color: #F4F4F4; border-radius: 50%; height: 12.5px; width: 12.5px; transform: translateX(9px) translateY(-18px);\"><\/div><\/div><div style=\"margin-left: 8px;\"> <div style=\" background-color: #F4F4F4; border-radius: 50%; flex-grow: 0; height: 20px; width: 20px;\"><\/div> <div style=\" width: 0; height: 0; border-top: 2px solid transparent; border-left: 6px solid #f4f4f4; border-bottom: 2px solid transparent; transform: translateX(16px) translateY(-4px) rotate(30deg)\"><\/div><\/div><div style=\"margin-left: auto;\"> <div style=\" width: 0px; border-top: 8px solid #F4F4F4; border-right: 8px solid transparent; transform: translateY(16px);\"><\/div> <div style=\" background-color: #F4F4F4; flex-grow: 0; height: 12px; width: 16px; transform: translateY(-4px);\"><\/div> <div style=\" width: 0; height: 0; border-top: 8px solid #F4F4F4; border-left: 8px solid transparent; transform: translateY(-4px) translateX(8px);\"><\/div><\/div><\/div> <div style=\"display: flex; flex-direction: column; flex-grow: 1; justify-content: center; margin-bottom: 24px;\"> <div style=\" background-color: #F4F4F4; border-radius: 4px; flex-grow: 0; height: 14px; margin-bottom: 6px; width: 224px;\"><\/div> <div style=\" background-color: #F4F4F4; border-radius: 4px; flex-grow: 0; height: 14px; width: 144px;\"><\/div><\/div><\/a><p style=\" color:#c9c8cd; font-family:Arial,sans-serif; font-size:14px; line-height:17px; margin-bottom:0; margin-top:8px; overflow:hidden; padding:8px 0 7px; text-align:center; text-overflow:ellipsis; white-space:nowrap;\"><a href=\"https:\/\/www.instagram.com\/reel\/DcRZjJcRYoo\/?utm_source=ig_embed&amp;utm_campaign=loading\" style=\" color:#c9c8cd; font-family:Arial,sans-serif; font-size:14px; font-style:normal; font-weight:normal; line-height:17px; text-decoration:none;\" target=\"_blank\" rel=\"noopener\">Una publicaci\u00f3n compartida por Secretar\u00eda de Gobierno de Cali (@gobiernocali)<\/a><\/p><\/div><\/blockquote>\n<script async src=\"\/\/www.instagram.com\/embed.js\"><\/script>\n\n\n\n<h2>Una pregunta que sigue sin respuesta<\/h2>\n\n\n\n<p>Nueve d\u00edas despu\u00e9s del sismo, el alcalde Alejandro Eder anunci\u00f3 un peritaje t\u00e9cnico con la Universidad del Valle a los edificios relativamente nuevos que colapsaron, y reconoci\u00f3 que el asunto \u00abrequiere respuestas\u00bb. Ezequiel espera una para su propio caso. No pide un favor: pide que se identifique a un responsable y que asuma el da\u00f1o de lo \u00faltimo que le quedaba.<\/p>\n\n\n\n<p>Su reclamo cabe en tres palabras, las mismas con las que cierra la entrevista: \u00ab\u00bfQui\u00e9n responde?\u00bb<\/p>\n\n\n\n<p class=\"has-medium-font-size\">Entrevista realizada en conjunto con <a href=\"https:\/\/magazinmigente.com\/\" title=\"\">Magazin mi gente<\/a><\/p>\n\n\n\n<figure class=\"wp-block-embed is-type-video is-provider-youtube wp-block-embed-youtube wp-embed-aspect-16-9 wp-has-aspect-ratio\"><div class=\"wp-block-embed__wrapper\">\n<iframe loading=\"lazy\" title=\"Perdi\u00f3 su apartamento en el sismo; lo \u00faltimo que le quedaba lo perdi\u00f3 durante el retiro de escombros\" width=\"640\" height=\"360\" src=\"https:\/\/www.youtube.com\/embed\/LUX-VdSNpcE?feature=oembed\" frameborder=\"0\" allow=\"accelerometer; autoplay; clipboard-write; encrypted-media; gyroscope; picture-in-picture; web-share\" referrerpolicy=\"strict-origin-when-cross-origin\" allowfullscreen><\/iframe>\n<\/div><\/figure>\n\n\n\n<p>.<\/p>\n","protected":false},"excerpt":{"rendered":"<p>La camioneta de Ezequiel Lucero\u00a0 resisti\u00f3 el terremoto que derrumb\u00f3 su edificio en Torres del&#8230;<\/p>\n","protected":false},"author":3,"featured_media":0,"comment_status":"open","ping_status":"open","sticky":false,"template":"","format":"standard","meta":{"om_disable_all_campaigns":false,"_mi_skip_tracking":false},"categories":[7,4],"tags":[255,1237,1021,117,1240,1238,1239],"aioseo_notices":[],"_links":{"self":[{"href":"https:\/\/nuestroparche.com\/index.php\/wp-json\/wp\/v2\/posts\/2495"}],"collection":[{"href":"https:\/\/nuestroparche.com\/index.php\/wp-json\/wp\/v2\/posts"}],"about":[{"href":"https:\/\/nuestroparche.com\/index.php\/wp-json\/wp\/v2\/types\/post"}],"author":[{"embeddable":true,"href":"https:\/\/nuestroparche.com\/index.php\/wp-json\/wp\/v2\/users\/3"}],"replies":[{"embeddable":true,"href":"https:\/\/nuestroparche.com\/index.php\/wp-json\/wp\/v2\/comments?post=2495"}],"version-history":[{"count":1,"href":"https:\/\/nuestroparche.com\/index.php\/wp-json\/wp\/v2\/posts\/2495\/revisions"}],"predecessor-version":[{"id":2500,"href":"https:\/\/nuestroparche.com\/index.php\/wp-json\/wp\/v2\/posts\/2495\/revisions\/2500"}],"wp:attachment":[{"href":"https:\/\/nuestroparche.com\/index.php\/wp-json\/wp\/v2\/media?parent=2495"}],"wp:term":[{"taxonomy":"category","embeddable":true,"href":"https:\/\/nuestroparche.com\/index.php\/wp-json\/wp\/v2\/categories?post=2495"},{"taxonomy":"post_tag","embeddable":true,"href":"https:\/\/nuestroparche.com\/index.php\/wp-json\/wp\/v2\/tags?post=2495"}],"curies":[{"name":"wp","href":"https:\/\/api.w.org\/{rel}","templated":true}]}}