{"id":2490,"date":"2026-08-27T04:02:35","date_gmt":"2026-08-27T04:02:35","guid":{"rendered":"https:\/\/nuestroparche.com\/?p=2490"},"modified":"2026-08-27T04:38:38","modified_gmt":"2026-08-27T04:38:38","slug":"el-terremoto-le-dio-a-miles-de-calenos-hasta-noviembre-para-declarar-renta-asi-puede-saber-si-a-usted-tambien-le-aplica","status":"publish","type":"post","link":"https:\/\/nuestroparche.com\/index.php\/2026\/08\/27\/el-terremoto-le-dio-a-miles-de-calenos-hasta-noviembre-para-declarar-renta-asi-puede-saber-si-a-usted-tambien-le-aplica\/","title":{"rendered":"El terremoto le dio a miles de cale\u00f1os hasta noviembre para declarar renta: as\u00ed puede saber si a usted tambi\u00e9n le aplica"},"content":{"rendered":"\n<p>El terremoto de magnitud <strong>7.4<\/strong> que sacudi\u00f3 al pa\u00eds el <strong>10 de agosto<\/strong> tambi\u00e9n movi\u00f3 el calendario tributario. El Ministerio de Hacienda expidi\u00f3 el <strong>Decreto 1226 de 2026<\/strong>, que ampl\u00eda los plazos para declarar renta a las personas naturales de <strong>seis departamentos<\/strong>, incluido el Valle del Cauca.<\/p>\n\n\n\n<p>Si usted vive en <strong>Cali, Palmira, Tulu\u00e1 o Buenaventura<\/strong>, esto le interesa: sus fechas de vencimiento se corrieron a <strong>octubre y noviembre<\/strong>, y tambi\u00e9n hay alivio para las retenciones de julio.<\/p>\n\n\n\n<figure class=\"wp-block-image size-large\"><img decoding=\"async\" loading=\"lazy\" width=\"1024\" height=\"680\" src=\"https:\/\/nuestroparche.com\/wp-content\/uploads\/2026\/08\/Gemini_Generated_Image_wnk0e0wnk0e0wnk0-1024x680.jpg\" alt=\"\" class=\"wp-image-2491\" srcset=\"https:\/\/nuestroparche.com\/wp-content\/uploads\/2026\/08\/Gemini_Generated_Image_wnk0e0wnk0e0wnk0-1024x680.jpg 1024w, https:\/\/nuestroparche.com\/wp-content\/uploads\/2026\/08\/Gemini_Generated_Image_wnk0e0wnk0e0wnk0-300x199.jpg 300w, https:\/\/nuestroparche.com\/wp-content\/uploads\/2026\/08\/Gemini_Generated_Image_wnk0e0wnk0e0wnk0-768x510.jpg 768w, https:\/\/nuestroparche.com\/wp-content\/uploads\/2026\/08\/Gemini_Generated_Image_wnk0e0wnk0e0wnk0-1536x1020.jpg 1536w, https:\/\/nuestroparche.com\/wp-content\/uploads\/2026\/08\/Gemini_Generated_Image_wnk0e0wnk0e0wnk0-2048x1360.jpg 2048w\" sizes=\"(max-width: 1024px) 100vw, 1024px\" \/><\/figure>\n\n\n\n<p><strong>El decreto que le cambi\u00f3 la fecha<\/strong><\/p>\n\n\n\n<p>La DIAN confirm\u00f3 que las personas naturales y sucesiones il\u00edquidas con <strong>domicilio fiscal registrado en el RUT al 10 de agosto de 2026<\/strong> en las zonas golpeadas por el sismo tendr\u00e1n m\u00e1s tiempo para presentar su declaraci\u00f3n de renta.<\/p>\n\n\n\n<p><strong>A qui\u00e9n le aplica en el Valle del Cauca<\/strong><\/p>\n\n\n\n<p>El beneficio cobija a contribuyentes de estas direcciones seccionales:<\/p>\n\n\n\n<ul>\n<li><strong>Cali<\/strong><\/li>\n\n\n\n<li><strong>Palmira<\/strong><\/li>\n\n\n\n<li><strong>Tulu\u00e1<\/strong><\/li>\n\n\n\n<li><strong>Buenaventura<\/strong><\/li>\n<\/ul>\n\n\n\n<p>Tambi\u00e9n aplica en <strong>Pereira, Armenia, Manizales, Quibd\u00f3 y Popay\u00e1n<\/strong>, las otras ciudades incluidas en el decreto.<\/p>\n\n\n\n<p><strong>Las nuevas fechas, seg\u00fan su NIT<\/strong><\/p>\n\n\n\n<p>Los vencimientos que ca\u00edan en agosto quedaron as\u00ed, seg\u00fan los dos \u00faltimos d\u00edgitos del NIT:<\/p>\n\n\n\n<ul>\n<li>NIT terminado en <strong>01-02<\/strong>: hasta el <strong>27 de octubre<\/strong><\/li>\n\n\n\n<li>NIT terminado en <strong>03-04<\/strong>: hasta el <strong>28 de octubre<\/strong><\/li>\n\n\n\n<li>NIT terminado en <strong>05-06<\/strong>: hasta el <strong>29 de octubre<\/strong><\/li>\n\n\n\n<li>NIT terminado en <strong>07-08<\/strong>: hasta el <strong>30 de octubre<\/strong><\/li>\n\n\n\n<li>NIT terminado en <strong>09-10<\/strong>: hasta el <strong>3 de noviembre<\/strong><\/li>\n\n\n\n<li>NIT terminado en <strong>11-12<\/strong>: hasta el <strong>4 de noviembre<\/strong><\/li>\n\n\n\n<li>NIT terminado en <strong>13-14<\/strong>: hasta el <strong>5 de noviembre<\/strong><\/li>\n\n\n\n<li>NIT terminado en <strong>15-16<\/strong>: hasta el <strong>6 de noviembre<\/strong><\/li>\n\n\n\n<li>NIT terminado en <strong>17-18<\/strong>: hasta el <strong>9 de noviembre<\/strong><\/li>\n\n\n\n<li>NIT terminado en <strong>19-20<\/strong>: hasta el <strong>10 de noviembre<\/strong><\/li>\n\n\n\n<li>NIT terminado en <strong>21-22<\/strong>: hasta el <strong>11 de noviembre<\/strong><\/li>\n\n\n\n<li>NIT terminado en <strong>23-24<\/strong>: hasta el <strong>12 de noviembre<\/strong><\/li>\n\n\n\n<li>NIT terminado en <strong>25-26<\/strong>: hasta el <strong>13 de noviembre<\/strong><\/li>\n<\/ul>\n\n\n\n<p><strong>Las retenciones de julio tambi\u00e9n se corrieron<\/strong><\/p>\n\n\n\n<p>Tambi\u00e9n se corrieron. Venc\u00edan en agosto y ahora quedan repartidas entre el <strong>9 y el 22 de septiembre<\/strong>, seg\u00fan el \u00faltimo d\u00edgito del NIT.<\/p>\n\n\n\n<p><strong>Importante:<\/strong> el decreto <strong>no aplica a los grandes contribuyentes<\/strong>, y solo cobija a quien ten\u00eda su domicilio fiscal en esas ciudades <strong>antes<\/strong> del terremoto \u2014 no sirve cambiar de direcci\u00f3n ahora para acceder al beneficio.<\/p>\n\n\n\n<p>[INSERTAR AQU\u00cd TRINO O PUBLICACI\u00d3N OFICIAL DE LA DIAN SOBRE EL DECRETO 1226]<\/p>\n\n\n\n<p><strong>Qu\u00e9 debe hacer si le aplica<\/strong><\/p>\n\n\n\n<ul>\n<li>Revisar los dos \u00faltimos d\u00edgitos de su NIT en el RUT.<\/li>\n\n\n\n<li>Ubicar su nueva fecha en la lista de arriba.<\/li>\n\n\n\n<li>Si ya hab\u00eda pagado o declarado antes del decreto, el tr\u00e1mite sigue siendo v\u00e1lido \u2014 el decreto es un alivio, no una obligaci\u00f3n de esperar.<\/li>\n<\/ul>\n\n\n\n<p><strong>Qu\u00e9 viene despu\u00e9s<\/strong><\/p>\n\n\n\n<p>La DIAN puede seguir ajustando plazos si hay nuevas r\u00e9plicas o afectaciones. Nuestro Parche seguir\u00e1 el tema y avisaremos si hay cambios.<\/p>\n\n\n\n<p>Fuente: <\/p>\n\n\n\n<p>Mira el comunicado de prensa de la Dian: <a href=\"https:\/\/www.dian.gov.co\/Prensa\/Paginas\/NG-Comunicado-de-Prensa-101-2026.aspx\" title=\"\">https:\/\/www.dian.gov.co\/Prensa\/Paginas\/NG-Comunicado-de-Prensa-101-2026.aspx<\/a><\/p>\n\n\n\r\n<div id=\"sb_instagram\"  class=\"sbi sbi_mob_col_1 sbi_tab_col_2 sbi_col_4 sbi_width_resp\" style=\"padding-bottom: 10px;\" data-feedid=\"*1\"  data-res=\"auto\" data-cols=\"4\" data-colsmobile=\"1\" data-colstablet=\"2\" data-num=\"20\" data-nummobile=\"20\" data-shortcode-atts=\"{}\"  data-postid=\"2490\" data-locatornonce=\"034c09d689\" data-sbi-flags=\"favorLocal\">\r\n\t\r\n    <div id=\"sbi_images\"  style=\"padding: 5px;\">\r\n\t\t    <\/div>\r\n\r\n\t<div id=\"sbi_load\" >\r\n\r\n\t\r\n\t\t\t<span class=\"sbi_follow_btn sbi_custom\">\r\n        <a href=\"https:\/\/www.instagram.com\/17841438266630388\/\" style=\"background: rgb(64,139,209);\" target=\"_blank\" rel=\"nofollow noopener\">\r\n            <svg class=\"svg-inline--fa fa-instagram fa-w-14\" aria-hidden=\"true\" data-fa-processed=\"\" aria-label=\"Instagram\" data-prefix=\"fab\" data-icon=\"instagram\" role=\"img\" viewBox=\"0 0 448 512\">\n\t                <path fill=\"currentColor\" d=\"M224.1 141c-63.6 0-114.9 51.3-114.9 114.9s51.3 114.9 114.9 114.9S339 319.5 339 255.9 287.7 141 224.1 141zm0 189.6c-41.1 0-74.7-33.5-74.7-74.7s33.5-74.7 74.7-74.7 74.7 33.5 74.7 74.7-33.6 74.7-74.7 74.7zm146.4-194.3c0 14.9-12 26.8-26.8 26.8-14.9 0-26.8-12-26.8-26.8s12-26.8 26.8-26.8 26.8 12 26.8 26.8zm76.1 27.2c-1.7-35.9-9.9-67.7-36.2-93.9-26.2-26.2-58-34.4-93.9-36.2-37-2.1-147.9-2.1-184.9 0-35.8 1.7-67.6 9.9-93.9 36.1s-34.4 58-36.2 93.9c-2.1 37-2.1 147.9 0 184.9 1.7 35.9 9.9 67.7 36.2 93.9s58 34.4 93.9 36.2c37 2.1 147.9 2.1 184.9 0 35.9-1.7 67.7-9.9 93.9-36.2 26.2-26.2 34.4-58 36.2-93.9 2.1-37 2.1-147.8 0-184.8zM398.8 388c-7.8 19.6-22.9 34.7-42.6 42.6-29.5 11.7-99.5 9-132.1 9s-102.7 2.6-132.1-9c-19.6-7.8-34.7-22.9-42.6-42.6-11.7-29.5-9-99.5-9-132.1s-2.6-102.7 9-132.1c7.8-19.6 22.9-34.7 42.6-42.6 29.5-11.7 99.5-9 132.1-9s102.7-2.6 132.1 9c19.6 7.8 34.7 22.9 42.6 42.6 11.7 29.5 9 99.5 9 132.1s2.7 102.7-9 132.1z\"><\/path>\n\t            <\/svg>            <span>S\u00edguenos en Instagram<\/span>\r\n        <\/a>\r\n    <\/span>\r\n\t\r\n<\/div>\r\n\r\n\t    <span class=\"sbi_resized_image_data\" data-feed-id=\"*1\" data-resized=\"[]\">\n\t<\/span>\n\t<\/div>\r\n\r\n\n\n\n<ul class=\"is-layout-flex wp-block-social-links aligncenter\"><li class=\"wp-social-link wp-social-link-instagram wp-block-social-link\"><a href=\"https:\/\/www.instagram.com\/nuestroparchecali\/\"  class=\"wp-block-social-link-anchor\"><svg width=\"24\" height=\"24\" viewBox=\"0 0 24 24\" version=\"1.1\" xmlns=\"http:\/\/www.w3.org\/2000\/svg\" aria-hidden=\"true\" focusable=\"false\"><path d=\"M12,4.622c2.403,0,2.688,0.009,3.637,0.052c0.877,0.04,1.354,0.187,1.671,0.31c0.42,0.163,0.72,0.358,1.035,0.673 c0.315,0.315,0.51,0.615,0.673,1.035c0.123,0.317,0.27,0.794,0.31,1.671c0.043,0.949,0.052,1.234,0.052,3.637 s-0.009,2.688-0.052,3.637c-0.04,0.877-0.187,1.354-0.31,1.671c-0.163,0.42-0.358,0.72-0.673,1.035 c-0.315,0.315-0.615,0.51-1.035,0.673c-0.317,0.123-0.794,0.27-1.671,0.31c-0.949,0.043-1.233,0.052-3.637,0.052 s-2.688-0.009-3.637-0.052c-0.877-0.04-1.354-0.187-1.671-0.31c-0.42-0.163-0.72-0.358-1.035-0.673 c-0.315-0.315-0.51-0.615-0.673-1.035c-0.123-0.317-0.27-0.794-0.31-1.671C4.631,14.688,4.622,14.403,4.622,12 s0.009-2.688,0.052-3.637c0.04-0.877,0.187-1.354,0.31-1.671c0.163-0.42,0.358-0.72,0.673-1.035 c0.315-0.315,0.615-0.51,1.035-0.673c0.317-0.123,0.794-0.27,1.671-0.31C9.312,4.631,9.597,4.622,12,4.622 M12,3 C9.556,3,9.249,3.01,8.289,3.054C7.331,3.098,6.677,3.25,6.105,3.472C5.513,3.702,5.011,4.01,4.511,4.511 c-0.5,0.5-0.808,1.002-1.038,1.594C3.25,6.677,3.098,7.331,3.054,8.289C3.01,9.249,3,9.556,3,12c0,2.444,0.01,2.751,0.054,3.711 c0.044,0.958,0.196,1.612,0.418,2.185c0.23,0.592,0.538,1.094,1.038,1.594c0.5,0.5,1.002,0.808,1.594,1.038 c0.572,0.222,1.227,0.375,2.185,0.418C9.249,20.99,9.556,21,12,21s2.751-0.01,3.711-0.054c0.958-0.044,1.612-0.196,2.185-0.418 c0.592-0.23,1.094-0.538,1.594-1.038c0.5-0.5,0.808-1.002,1.038-1.594c0.222-0.572,0.375-1.227,0.418-2.185 C20.99,14.751,21,14.444,21,12s-0.01-2.751-0.054-3.711c-0.044-0.958-0.196-1.612-0.418-2.185c-0.23-0.592-0.538-1.094-1.038-1.594 c-0.5-0.5-1.002-0.808-1.594-1.038c-0.572-0.222-1.227-0.375-2.185-0.418C14.751,3.01,14.444,3,12,3L12,3z M12,7.378 c-2.552,0-4.622,2.069-4.622,4.622S9.448,16.622,12,16.622s4.622-2.069,4.622-4.622S14.552,7.378,12,7.378z M12,15 c-1.657,0-3-1.343-3-3s1.343-3,3-3s3,1.343,3,3S13.657,15,12,15z M16.804,6.116c-0.596,0-1.08,0.484-1.08,1.08 s0.484,1.08,1.08,1.08c0.596,0,1.08-0.484,1.08-1.08S17.401,6.116,16.804,6.116z\"><\/path><\/svg><span class=\"wp-block-social-link-label screen-reader-text\">Instagram<\/span><\/a><\/li>\n\n<li class=\"wp-social-link wp-social-link-facebook wp-block-social-link\"><a href=\"https:\/\/www.facebook.com\/nuestroparchecal\"  class=\"wp-block-social-link-anchor\"><svg width=\"24\" height=\"24\" viewBox=\"0 0 24 24\" version=\"1.1\" xmlns=\"http:\/\/www.w3.org\/2000\/svg\" aria-hidden=\"true\" focusable=\"false\"><path d=\"M12 2C6.5 2 2 6.5 2 12c0 5 3.7 9.1 8.4 9.9v-7H7.9V12h2.5V9.8c0-2.5 1.5-3.9 3.8-3.9 1.1 0 2.2.2 2.2.2v2.5h-1.3c-1.2 0-1.6.8-1.6 1.6V12h2.8l-.4 2.9h-2.3v7C18.3 21.1 22 17 22 12c0-5.5-4.5-10-10-10z\"><\/path><\/svg><span class=\"wp-block-social-link-label screen-reader-text\">Facebook<\/span><\/a><\/li>\n\n<li class=\"wp-social-link wp-social-link-tiktok wp-block-social-link\"><a href=\"https:\/\/www.tiktok.com\/es\/nuestroparchecali\"  class=\"wp-block-social-link-anchor\"><svg width=\"24\" height=\"24\" viewBox=\"0 0 32 32\" version=\"1.1\" xmlns=\"http:\/\/www.w3.org\/2000\/svg\" aria-hidden=\"true\" focusable=\"false\"><path d=\"M16.708 0.027c1.745-0.027 3.48-0.011 5.213-0.027 0.105 2.041 0.839 4.12 2.333 5.563 1.491 1.479 3.6 2.156 5.652 2.385v5.369c-1.923-0.063-3.855-0.463-5.6-1.291-0.76-0.344-1.468-0.787-2.161-1.24-0.009 3.896 0.016 7.787-0.025 11.667-0.104 1.864-0.719 3.719-1.803 5.255-1.744 2.557-4.771 4.224-7.88 4.276-1.907 0.109-3.812-0.411-5.437-1.369-2.693-1.588-4.588-4.495-4.864-7.615-0.032-0.667-0.043-1.333-0.016-1.984 0.24-2.537 1.495-4.964 3.443-6.615 2.208-1.923 5.301-2.839 8.197-2.297 0.027 1.975-0.052 3.948-0.052 5.923-1.323-0.428-2.869-0.308-4.025 0.495-0.844 0.547-1.485 1.385-1.819 2.333-0.276 0.676-0.197 1.427-0.181 2.145 0.317 2.188 2.421 4.027 4.667 3.828 1.489-0.016 2.916-0.88 3.692-2.145 0.251-0.443 0.532-0.896 0.547-1.417 0.131-2.385 0.079-4.76 0.095-7.145 0.011-5.375-0.016-10.735 0.025-16.093z\" \/><\/svg><span class=\"wp-block-social-link-label screen-reader-text\">TikTok<\/span><\/a><\/li>\n\n<li class=\"wp-social-link wp-social-link-youtube wp-block-social-link\"><a href=\"https:\/\/www.youtube.com\/@nuestroparchecali\"  class=\"wp-block-social-link-anchor\"><svg width=\"24\" height=\"24\" viewBox=\"0 0 24 24\" version=\"1.1\" xmlns=\"http:\/\/www.w3.org\/2000\/svg\" aria-hidden=\"true\" focusable=\"false\"><path d=\"M21.8,8.001c0,0-0.195-1.378-0.795-1.985c-0.76-0.797-1.613-0.801-2.004-0.847c-2.799-0.202-6.997-0.202-6.997-0.202 h-0.009c0,0-4.198,0-6.997,0.202C4.608,5.216,3.756,5.22,2.995,6.016C2.395,6.623,2.2,8.001,2.2,8.001S2,9.62,2,11.238v1.517 c0,1.618,0.2,3.237,0.2,3.237s0.195,1.378,0.795,1.985c0.761,0.797,1.76,0.771,2.205,0.855c1.6,0.153,6.8,0.201,6.8,0.201 s4.203-0.006,7.001-0.209c0.391-0.047,1.243-0.051,2.004-0.847c0.6-0.607,0.795-1.985,0.795-1.985s0.2-1.618,0.2-3.237v-1.517 C22,9.62,21.8,8.001,21.8,8.001z M9.935,14.594l-0.001-5.62l5.404,2.82L9.935,14.594z\"><\/path><\/svg><span class=\"wp-block-social-link-label screen-reader-text\">YouTube<\/span><\/a><\/li><\/ul>\n\n\n\n<blockquote class=\"wp-block-quote\"><div class=\"wp-block-post-author-biography\">Elizabeth Romo es comunicadora social, periodista y directora de Nuestro Parche, medio digital con sede en Cali, formalizado desde 2022 con respaldo del Fondo Emprender SENA y marca registrada ante la SIC.\r\n\r\nDurante m\u00e1s de siete a\u00f1os ha trabajado con empresas, emprendedores e instituciones del Valle del Cauca, creando contenido period\u00edstico que fortalece la visibilidad, la confianza y la conexi\u00f3n con las audiencias.\r\n\r\nHa desarrollado proyectos con la Alcald\u00eda de Santiago de Cali, la Gobernaci\u00f3n del Valle, Emcali, Calzado R\u00f3mulo y diferentes academias de formaci\u00f3n.\r\n\r\nNuestro Parche alcanza m\u00e1s de 16.000 personas mensuales en Cali y el Valle del Cauca, adem\u00e1s de superar las 107.000 reproducciones org\u00e1nicas en TikTok durante el \u00faltimo a\u00f1o.<\/div><\/blockquote>\n\n\n\n<p><\/p>\n","protected":false},"excerpt":{"rendered":"<p>El terremoto de magnitud 7.4 que sacudi\u00f3 al pa\u00eds el 10 de agosto tambi\u00e9n movi\u00f3&#8230;<\/p>\n","protected":false},"author":3,"featured_media":0,"comment_status":"open","ping_status":"open","sticky":false,"template":"","format":"standard","meta":{"om_disable_all_campaigns":false,"_mi_skip_tracking":false},"categories":[7],"tags":[25,46,1233,1235,1236,1234,49],"aioseo_notices":[],"_links":{"self":[{"href":"https:\/\/nuestroparche.com\/index.php\/wp-json\/wp\/v2\/posts\/2490"}],"collection":[{"href":"https:\/\/nuestroparche.com\/index.php\/wp-json\/wp\/v2\/posts"}],"about":[{"href":"https:\/\/nuestroparche.com\/index.php\/wp-json\/wp\/v2\/types\/post"}],"author":[{"embeddable":true,"href":"https:\/\/nuestroparche.com\/index.php\/wp-json\/wp\/v2\/users\/3"}],"replies":[{"embeddable":true,"href":"https:\/\/nuestroparche.com\/index.php\/wp-json\/wp\/v2\/comments?post=2490"}],"version-history":[{"count":1,"href":"https:\/\/nuestroparche.com\/index.php\/wp-json\/wp\/v2\/posts\/2490\/revisions"}],"predecessor-version":[{"id":2492,"href":"https:\/\/nuestroparche.com\/index.php\/wp-json\/wp\/v2\/posts\/2490\/revisions\/2492"}],"wp:attachment":[{"href":"https:\/\/nuestroparche.com\/index.php\/wp-json\/wp\/v2\/media?parent=2490"}],"wp:term":[{"taxonomy":"category","embeddable":true,"href":"https:\/\/nuestroparche.com\/index.php\/wp-json\/wp\/v2\/categories?post=2490"},{"taxonomy":"post_tag","embeddable":true,"href":"https:\/\/nuestroparche.com\/index.php\/wp-json\/wp\/v2\/tags?post=2490"}],"curies":[{"name":"wp","href":"https:\/\/api.w.org\/{rel}","templated":true}]}}