{"id":2481,"date":"2026-08-07T05:12:13","date_gmt":"2026-08-07T05:12:13","guid":{"rendered":"https:\/\/nuestroparche.com\/?p=2481"},"modified":"2026-08-07T05:12:13","modified_gmt":"2026-08-07T05:12:13","slug":"festival-petronio-alvarez-2026-asi-vive-cali-los-30-anos-del-evento-cultural-mas-importante-del-pacifico","status":"publish","type":"post","link":"https:\/\/nuestroparche.com\/index.php\/2026\/08\/07\/festival-petronio-alvarez-2026-asi-vive-cali-los-30-anos-del-evento-cultural-mas-importante-del-pacifico\/","title":{"rendered":"Festival Petronio \u00c1lvarez 2026: as\u00ed vive Cali los 30 a\u00f1os del evento cultural m\u00e1s importante del Pac\u00edfico"},"content":{"rendered":"\n<p>Cali es, desde este fin de semana, la Casa Grande del Pac\u00edfico. El Festival de M\u00fasica del Pac\u00edfico Petronio \u00c1lvarez llega a su edici\u00f3n n\u00famero 30, con programaci\u00f3n oficial entre el 9 y el 17 de agosto, bajo el concepto \u00abLa Casa Grande del Pac\u00edfico dialoga con el mundo, desde la ra\u00edz\u00bb.<\/p>\n\n\n\n<figure class=\"wp-block-image size-large\"><img decoding=\"async\" loading=\"lazy\" width=\"1024\" height=\"683\" src=\"https:\/\/nuestroparche.com\/wp-content\/uploads\/2026\/08\/WhatsApp-Image-2026-07-31-at-8.41.51-PM-1024x683.jpeg\" alt=\"\" class=\"wp-image-2482\" srcset=\"https:\/\/nuestroparche.com\/wp-content\/uploads\/2026\/08\/WhatsApp-Image-2026-07-31-at-8.41.51-PM-1024x683.jpeg 1024w, https:\/\/nuestroparche.com\/wp-content\/uploads\/2026\/08\/WhatsApp-Image-2026-07-31-at-8.41.51-PM-300x200.jpeg 300w, https:\/\/nuestroparche.com\/wp-content\/uploads\/2026\/08\/WhatsApp-Image-2026-07-31-at-8.41.51-PM-768x512.jpeg 768w, https:\/\/nuestroparche.com\/wp-content\/uploads\/2026\/08\/WhatsApp-Image-2026-07-31-at-8.41.51-PM.jpeg 1280w\" sizes=\"(max-width: 1024px) 100vw, 1024px\" \/><figcaption class=\"wp-element-caption\">Foto: Cortes\u00eda de la Alcad\u00eda de Cali <\/figcaption><\/figure>\n\n\n\n<p>La apertura ser\u00e1 el s\u00e1bado 9 de agosto con el desfile \u00ab<strong>Bundeando pa&#8217; la Casa Grande\u00bb<\/strong>, en el que m\u00e1s de 1.600 integrantes de 23 colonias del Pac\u00edfico colombiano recorrer\u00e1n las calles de la ciudad hasta llegar a la Unidad Deportiva Alberto Galindo, sede principal del festival. El recorrido incluir\u00e1 la Comparsa Cali Viejo y la carroza ganadora del Carnaval de Negros y Blancos de Pasto 2026.<\/p>\n\n\n\n<p>Del 12 al 17 de agosto, la Unidad Deportiva Alberto Galindo concentrar\u00e1 los componentes centrales: el Concurso Musical con 47 agrupaciones seleccionadas, la Muestra de Expresiones Tradicionales con 183 expositores de cocina, bebidas, artesan\u00edas y est\u00e9tica, el Quilombo Pedag\u00f3gico Germ\u00e1n Pati\u00f1o Ossa, el Caser\u00edo Pac\u00edfico y la Zona Infantil. En total, se espera la participaci\u00f3n de m\u00e1s de 2.000 artistas.<\/p>\n\n\n\n<blockquote class=\"instagram-media\" data-instgrm-captioned data-instgrm-permalink=\"https:\/\/www.instagram.com\/p\/Da6Rg1dEQjC\/?utm_source=ig_embed&amp;utm_campaign=loading\" data-instgrm-version=\"14\" style=\" background:#FFF; border:0; border-radius:3px; box-shadow:0 0 1px 0 rgba(0,0,0,0.5),0 1px 10px 0 rgba(0,0,0,0.15); margin: 1px; max-width:540px; min-width:326px; padding:0; width:99.375%; width:-webkit-calc(100% - 2px); width:calc(100% - 2px);\"><div style=\"padding:16px;\"> <a href=\"https:\/\/www.instagram.com\/p\/Da6Rg1dEQjC\/?utm_source=ig_embed&amp;utm_campaign=loading\" style=\" background:#FFFFFF; line-height:0; padding:0 0; text-align:center; text-decoration:none; width:100%;\" target=\"_blank\" rel=\"noopener\"> <div style=\" display: flex; flex-direction: row; align-items: center;\"> <div style=\"background-color: #F4F4F4; border-radius: 50%; flex-grow: 0; height: 40px; margin-right: 14px; width: 40px;\"><\/div> <div style=\"display: flex; flex-direction: column; flex-grow: 1; justify-content: center;\"> <div style=\" background-color: #F4F4F4; border-radius: 4px; flex-grow: 0; height: 14px; margin-bottom: 6px; width: 100px;\"><\/div> <div style=\" background-color: #F4F4F4; border-radius: 4px; flex-grow: 0; height: 14px; width: 60px;\"><\/div><\/div><\/div><div style=\"padding: 19% 0;\"><\/div> <div style=\"display:block; height:50px; margin:0 auto 12px; width:50px;\"><svg width=\"50px\" height=\"50px\" viewBox=\"0 0 60 60\" version=\"1.1\" xmlns=\"https:\/\/www.w3.org\/2000\/svg\" xmlns:xlink=\"https:\/\/www.w3.org\/1999\/xlink\"><g stroke=\"none\" stroke-width=\"1\" fill=\"none\" fill-rule=\"evenodd\"><g transform=\"translate(-511.000000, -20.000000)\" fill=\"#000000\"><g><path d=\"M556.869,30.41 C554.814,30.41 553.148,32.076 553.148,34.131 C553.148,36.186 554.814,37.852 556.869,37.852 C558.924,37.852 560.59,36.186 560.59,34.131 C560.59,32.076 558.924,30.41 556.869,30.41 M541,60.657 C535.114,60.657 530.342,55.887 530.342,50 C530.342,44.114 535.114,39.342 541,39.342 C546.887,39.342 551.658,44.114 551.658,50 C551.658,55.887 546.887,60.657 541,60.657 M541,33.886 C532.1,33.886 524.886,41.1 524.886,50 C524.886,58.899 532.1,66.113 541,66.113 C549.9,66.113 557.115,58.899 557.115,50 C557.115,41.1 549.9,33.886 541,33.886 M565.378,62.101 C565.244,65.022 564.756,66.606 564.346,67.663 C563.803,69.06 563.154,70.057 562.106,71.106 C561.058,72.155 560.06,72.803 558.662,73.347 C557.607,73.757 556.021,74.244 553.102,74.378 C549.944,74.521 548.997,74.552 541,74.552 C533.003,74.552 532.056,74.521 528.898,74.378 C525.979,74.244 524.393,73.757 523.338,73.347 C521.94,72.803 520.942,72.155 519.894,71.106 C518.846,70.057 518.197,69.06 517.654,67.663 C517.244,66.606 516.755,65.022 516.623,62.101 C516.479,58.943 516.448,57.996 516.448,50 C516.448,42.003 516.479,41.056 516.623,37.899 C516.755,34.978 517.244,33.391 517.654,32.338 C518.197,30.938 518.846,29.942 519.894,28.894 C520.942,27.846 521.94,27.196 523.338,26.654 C524.393,26.244 525.979,25.756 528.898,25.623 C532.057,25.479 533.004,25.448 541,25.448 C548.997,25.448 549.943,25.479 553.102,25.623 C556.021,25.756 557.607,26.244 558.662,26.654 C560.06,27.196 561.058,27.846 562.106,28.894 C563.154,29.942 563.803,30.938 564.346,32.338 C564.756,33.391 565.244,34.978 565.378,37.899 C565.522,41.056 565.552,42.003 565.552,50 C565.552,57.996 565.522,58.943 565.378,62.101 M570.82,37.631 C570.674,34.438 570.167,32.258 569.425,30.349 C568.659,28.377 567.633,26.702 565.965,25.035 C564.297,23.368 562.623,22.342 560.652,21.575 C558.743,20.834 556.562,20.326 553.369,20.18 C550.169,20.033 549.148,20 541,20 C532.853,20 531.831,20.033 528.631,20.18 C525.438,20.326 523.257,20.834 521.349,21.575 C519.376,22.342 517.703,23.368 516.035,25.035 C514.368,26.702 513.342,28.377 512.574,30.349 C511.834,32.258 511.326,34.438 511.181,37.631 C511.035,40.831 511,41.851 511,50 C511,58.147 511.035,59.17 511.181,62.369 C511.326,65.562 511.834,67.743 512.574,69.651 C513.342,71.625 514.368,73.296 516.035,74.965 C517.703,76.634 519.376,77.658 521.349,78.425 C523.257,79.167 525.438,79.673 528.631,79.82 C531.831,79.965 532.853,80.001 541,80.001 C549.148,80.001 550.169,79.965 553.369,79.82 C556.562,79.673 558.743,79.167 560.652,78.425 C562.623,77.658 564.297,76.634 565.965,74.965 C567.633,73.296 568.659,71.625 569.425,69.651 C570.167,67.743 570.674,65.562 570.82,62.369 C570.966,59.17 571,58.147 571,50 C571,41.851 570.966,40.831 570.82,37.631\"><\/path><\/g><\/g><\/g><\/svg><\/div><div style=\"padding-top: 8px;\"> <div style=\" color:#3897f0; font-family:Arial,sans-serif; font-size:14px; font-style:normal; font-weight:550; line-height:18px;\">Ver esta publicaci\u00f3n en Instagram<\/div><\/div><div style=\"padding: 12.5% 0;\"><\/div> <div style=\"display: flex; flex-direction: row; margin-bottom: 14px; align-items: center;\"><div> <div style=\"background-color: #F4F4F4; border-radius: 50%; height: 12.5px; width: 12.5px; transform: translateX(0px) translateY(7px);\"><\/div> <div style=\"background-color: #F4F4F4; height: 12.5px; transform: rotate(-45deg) translateX(3px) translateY(1px); width: 12.5px; flex-grow: 0; margin-right: 14px; margin-left: 2px;\"><\/div> <div style=\"background-color: #F4F4F4; border-radius: 50%; height: 12.5px; width: 12.5px; transform: translateX(9px) translateY(-18px);\"><\/div><\/div><div style=\"margin-left: 8px;\"> <div style=\" background-color: #F4F4F4; border-radius: 50%; flex-grow: 0; height: 20px; width: 20px;\"><\/div> <div style=\" width: 0; height: 0; border-top: 2px solid transparent; border-left: 6px solid #f4f4f4; border-bottom: 2px solid transparent; transform: translateX(16px) translateY(-4px) rotate(30deg)\"><\/div><\/div><div style=\"margin-left: auto;\"> <div style=\" width: 0px; border-top: 8px solid #F4F4F4; border-right: 8px solid transparent; transform: translateY(16px);\"><\/div> <div style=\" background-color: #F4F4F4; flex-grow: 0; height: 12px; width: 16px; transform: translateY(-4px);\"><\/div> <div style=\" width: 0; height: 0; border-top: 8px solid #F4F4F4; border-left: 8px solid transparent; transform: translateY(-4px) translateX(8px);\"><\/div><\/div><\/div> <div style=\"display: flex; flex-direction: column; flex-grow: 1; justify-content: center; margin-bottom: 24px;\"> <div style=\" background-color: #F4F4F4; border-radius: 4px; flex-grow: 0; height: 14px; margin-bottom: 6px; width: 224px;\"><\/div> <div style=\" background-color: #F4F4F4; border-radius: 4px; flex-grow: 0; height: 14px; width: 144px;\"><\/div><\/div><\/a><p style=\" color:#c9c8cd; font-family:Arial,sans-serif; font-size:14px; line-height:17px; margin-bottom:0; margin-top:8px; overflow:hidden; padding:8px 0 7px; text-align:center; text-overflow:ellipsis; white-space:nowrap;\"><a href=\"https:\/\/www.instagram.com\/p\/Da6Rg1dEQjC\/?utm_source=ig_embed&amp;utm_campaign=loading\" style=\" color:#c9c8cd; font-family:Arial,sans-serif; font-size:14px; font-style:normal; font-weight:normal; line-height:17px; text-decoration:none;\" target=\"_blank\" rel=\"noopener\">Una publicaci\u00f3n compartida por Festival Petronio \u00c1lvarez (@petronioco)<\/a><\/p><\/div><\/blockquote>\n<script async src=\"\/\/www.instagram.com\/embed.js\"><\/script>\n\n\n\n<p>Como novedad de esta edici\u00f3n conmemorativa, se realizar\u00e1 por primera vez la Cumbre Global Afrodiasp\u00f3rica (12 al 16 de agosto), que reunir\u00e1 a l\u00edderes afrodescendientes, representantes gubernamentales, organizaciones internacionales y acad\u00e9micos. La agenda acad\u00e9mica, con conversatorios sobre patrimonio y memoria, se desarrollar\u00e1 el 10 y 11 de agosto en universidades de la ciudad.<\/p>\n\n\n\n<p>El sello de esta versi\u00f3n es la canci\u00f3n oficial de los 30 a\u00f1os, compuesta por el maestro Hugo Candelario, que seg\u00fan la organizaci\u00f3n del festival exalta la identidad afrocolombiana y acompa\u00f1a la conmemoraci\u00f3n bajo la idea de la \u00abCasa Grande\u00bb. Como antesala, desde el 1 de agosto se desarrolla la estrategia \u00abNo es agosto, es Petronio\u00bb en el Teatro al Aire Libre Los Cristales, y el 8 de agosto se realizar\u00e1 el Petronito, encuentro de semilleros de m\u00fasicas del Pac\u00edfico para ni\u00f1os y familias.<\/p>\n\n\n\n<p><\/p>\n","protected":false},"excerpt":{"rendered":"<p>Cali es, desde este fin de semana, la Casa Grande del Pac\u00edfico. El Festival de&#8230;<\/p>\n","protected":false},"author":3,"featured_media":0,"comment_status":"open","ping_status":"open","sticky":false,"template":"","format":"standard","meta":{"om_disable_all_campaigns":false,"_mi_skip_tracking":false},"categories":[4],"tags":[1226,1230,1229,1228,216,1227],"aioseo_notices":[],"_links":{"self":[{"href":"https:\/\/nuestroparche.com\/index.php\/wp-json\/wp\/v2\/posts\/2481"}],"collection":[{"href":"https:\/\/nuestroparche.com\/index.php\/wp-json\/wp\/v2\/posts"}],"about":[{"href":"https:\/\/nuestroparche.com\/index.php\/wp-json\/wp\/v2\/types\/post"}],"author":[{"embeddable":true,"href":"https:\/\/nuestroparche.com\/index.php\/wp-json\/wp\/v2\/users\/3"}],"replies":[{"embeddable":true,"href":"https:\/\/nuestroparche.com\/index.php\/wp-json\/wp\/v2\/comments?post=2481"}],"version-history":[{"count":1,"href":"https:\/\/nuestroparche.com\/index.php\/wp-json\/wp\/v2\/posts\/2481\/revisions"}],"predecessor-version":[{"id":2483,"href":"https:\/\/nuestroparche.com\/index.php\/wp-json\/wp\/v2\/posts\/2481\/revisions\/2483"}],"wp:attachment":[{"href":"https:\/\/nuestroparche.com\/index.php\/wp-json\/wp\/v2\/media?parent=2481"}],"wp:term":[{"taxonomy":"category","embeddable":true,"href":"https:\/\/nuestroparche.com\/index.php\/wp-json\/wp\/v2\/categories?post=2481"},{"taxonomy":"post_tag","embeddable":true,"href":"https:\/\/nuestroparche.com\/index.php\/wp-json\/wp\/v2\/tags?post=2481"}],"curies":[{"name":"wp","href":"https:\/\/api.w.org\/{rel}","templated":true}]}}