{"id":2469,"date":"2026-08-07T04:31:49","date_gmt":"2026-08-07T04:31:49","guid":{"rendered":"https:\/\/nuestroparche.com\/?p=2469"},"modified":"2026-08-07T04:31:49","modified_gmt":"2026-08-07T04:31:49","slug":"dia-sin-carro-y-moto-en-cali-este-7-de-agosto-mio-gratis-11-000-uniformados-y-cierres-viales-por-la-posesion-presidencial","status":"publish","type":"post","link":"https:\/\/nuestroparche.com\/index.php\/2026\/08\/07\/dia-sin-carro-y-moto-en-cali-este-7-de-agosto-mio-gratis-11-000-uniformados-y-cierres-viales-por-la-posesion-presidencial\/","title":{"rendered":"D\u00eda sin carro y moto en Cali este 7 de agosto: MIO gratis, 11.000 uniformados y cierres viales por la posesi\u00f3n presidencial"},"content":{"rendered":"\n<p><em>Cali amanecer\u00e1 este viernes 7 de agosto con d\u00eda sin carro y moto, como parte del dispositivo especial de movilidad y seguridad dispuesto para la posesi\u00f3n presidencial de Abelardo De La Espriella, la primera en la historia del pa\u00eds que se realiza fuera de Bogot\u00e1.<\/em><\/p>\n\n\n\n<figure class=\"wp-block-image size-large\"><img decoding=\"async\" loading=\"lazy\" width=\"1024\" height=\"768\" src=\"https:\/\/nuestroparche.com\/wp-content\/uploads\/2026\/08\/WhatsApp-Image-2026-08-06-at-10.14.06-AM-1024x768.jpeg\" alt=\"\" class=\"wp-image-2479\" srcset=\"https:\/\/nuestroparche.com\/wp-content\/uploads\/2026\/08\/WhatsApp-Image-2026-08-06-at-10.14.06-AM-1024x768.jpeg 1024w, https:\/\/nuestroparche.com\/wp-content\/uploads\/2026\/08\/WhatsApp-Image-2026-08-06-at-10.14.06-AM-300x225.jpeg 300w, https:\/\/nuestroparche.com\/wp-content\/uploads\/2026\/08\/WhatsApp-Image-2026-08-06-at-10.14.06-AM-768x576.jpeg 768w, https:\/\/nuestroparche.com\/wp-content\/uploads\/2026\/08\/WhatsApp-Image-2026-08-06-at-10.14.06-AM.jpeg 1280w\" sizes=\"(max-width: 1024px) 100vw, 1024px\" \/><figcaption class=\"wp-element-caption\">Foto: Cortes\u00eda Alcald\u00eda de Cali <\/figcaption><\/figure>\n\n\n\n<p>La ceremonia tendr\u00e1 lugar en la Arena USC, sede Pampalinda de la Universidad Santiago de Cali.<\/p>\n\n\n\n<p>La Alcald\u00eda de Cali confirm\u00f3 la restricci\u00f3n vehicular para toda la jornada del viernes. Como alivio para quienes deban movilizarse, el sistema MIO operar\u00e1 de manera <strong>gratuita<\/strong> durante todo el d\u00eda; los usuarios deber\u00e1n presentar igualmente su tarjeta para ingresar a las estaciones. El presidente de Metrocali, \u00c1lvaro Rengifo, explic\u00f3 el plan de funcionamiento del sistema para esta jornada.<\/p>\n\n\n\n<p>En materia de cierres viales, la Secretar\u00eda de Movilidad inform\u00f3 que la calle 5, en el sector de la USC, permanecer\u00e1 completamente cerrada y solo se permitir\u00e1 el ingreso de veh\u00edculos con acreditaci\u00f3n oficial de Presidencia. Como ruta alterna se recomend\u00f3 tomar la carrera 50, continuar por la calle Primera y retomar la calle Quinta a la altura de la carrera 73. La ciudad tambi\u00e9n tendr\u00e1 ley seca este viernes.<\/p>\n\n\n\n<blockquote class=\"twitter-tweet\" data-media-max-width=\"560\"><p lang=\"es\" dir=\"ltr\">\ud83d\udea8 \u00a1Cale\u00f1os y visitantes! Con motivo del evento de la Posesi\u00f3n Presidencial en el sector de la Arena USC, te invitamos a revisar detenidamente el mapa para conocer los tramos con cierres viales y las rutas de desv\u00edo habilitadas.<br><br>Planifica tu desplazamiento con anticipaci\u00f3n \ud83d\udc6e\u200d\u2642\ufe0f\ud83d\ude98 <a href=\"https:\/\/t.co\/7GKrnerfqh\">pic.twitter.com\/7GKrnerfqh<\/a><\/p>&mdash; Secretar\u00eda de Movilidad de Cali (@MovilidadCali) <a href=\"https:\/\/x.com\/MovilidadCali\/status\/2085131403130212695?ref_src=twsrc%5Etfw\">August 5, 2026<\/a><\/blockquote> <script async src=\"https:\/\/platform.x.com\/widgets.js\" charset=\"utf-8\"><\/script>\n\n\n\n<p>El operativo de seguridad, coordinado desde un Puesto de Mando Unificado de car\u00e1cter nacional, contempla m\u00e1s de 11.000 uniformados para custodiar los escenarios oficiales y las rutas de las delegaciones internacionales, y m\u00e1s de 6.000 polic\u00edas dedicados exclusivamente a la llegada de las comitivas extranjeras. Entre los mandatarios que confirmaron asistencia est\u00e1n el rey Felipe VI de Espa\u00f1a y los presidentes de Argentina, Ecuador, Paraguay, Panam\u00e1, Rep\u00fablica Dominicana, Chile, Costa Rica y Honduras.<\/p>\n\n\n\n<figure class=\"wp-block-image size-large\"><img decoding=\"async\" loading=\"lazy\" width=\"1024\" height=\"768\" src=\"https:\/\/nuestroparche.com\/wp-content\/uploads\/2026\/08\/WhatsApp-Image-2026-08-06-at-10.14.05-AM-1024x768.jpeg\" alt=\"\" class=\"wp-image-2471\" srcset=\"https:\/\/nuestroparche.com\/wp-content\/uploads\/2026\/08\/WhatsApp-Image-2026-08-06-at-10.14.05-AM-1024x768.jpeg 1024w, https:\/\/nuestroparche.com\/wp-content\/uploads\/2026\/08\/WhatsApp-Image-2026-08-06-at-10.14.05-AM-300x225.jpeg 300w, https:\/\/nuestroparche.com\/wp-content\/uploads\/2026\/08\/WhatsApp-Image-2026-08-06-at-10.14.05-AM-768x576.jpeg 768w, https:\/\/nuestroparche.com\/wp-content\/uploads\/2026\/08\/WhatsApp-Image-2026-08-06-at-10.14.05-AM.jpeg 1280w\" sizes=\"(max-width: 1024px) 100vw, 1024px\" \/><figcaption class=\"wp-element-caption\">Foto Cortes\u00eda Alcad\u00eda de Cali<\/figcaption><\/figure>\n\n\n\n<figure class=\"is-layout-flex wp-block-gallery-1 wp-block-gallery has-nested-images columns-default is-cropped\">\n<figure class=\"wp-block-image size-large\"><img decoding=\"async\" loading=\"lazy\" width=\"1024\" height=\"683\" data-id=\"2472\"  src=\"https:\/\/nuestroparche.com\/wp-content\/uploads\/2026\/08\/WhatsApp-Image-2026-08-06-at-1.20.02-PM-1024x683.jpeg\" alt=\"\" class=\"wp-image-2472\" srcset=\"https:\/\/nuestroparche.com\/wp-content\/uploads\/2026\/08\/WhatsApp-Image-2026-08-06-at-1.20.02-PM-1024x683.jpeg 1024w, https:\/\/nuestroparche.com\/wp-content\/uploads\/2026\/08\/WhatsApp-Image-2026-08-06-at-1.20.02-PM-300x200.jpeg 300w, https:\/\/nuestroparche.com\/wp-content\/uploads\/2026\/08\/WhatsApp-Image-2026-08-06-at-1.20.02-PM-768x512.jpeg 768w, https:\/\/nuestroparche.com\/wp-content\/uploads\/2026\/08\/WhatsApp-Image-2026-08-06-at-1.20.02-PM.jpeg 1280w\" sizes=\"(max-width: 1024px) 100vw, 1024px\" \/><\/figure>\n\n\n\n<figure class=\"wp-block-image size-large\"><img decoding=\"async\" loading=\"lazy\" width=\"1024\" height=\"683\" data-id=\"2477\"  src=\"https:\/\/nuestroparche.com\/wp-content\/uploads\/2026\/08\/WhatsApp-Image-2026-08-06-at-1.20.04-PM-1024x683.jpeg\" alt=\"\" class=\"wp-image-2477\" srcset=\"https:\/\/nuestroparche.com\/wp-content\/uploads\/2026\/08\/WhatsApp-Image-2026-08-06-at-1.20.04-PM-1024x683.jpeg 1024w, https:\/\/nuestroparche.com\/wp-content\/uploads\/2026\/08\/WhatsApp-Image-2026-08-06-at-1.20.04-PM-300x200.jpeg 300w, https:\/\/nuestroparche.com\/wp-content\/uploads\/2026\/08\/WhatsApp-Image-2026-08-06-at-1.20.04-PM-768x512.jpeg 768w, https:\/\/nuestroparche.com\/wp-content\/uploads\/2026\/08\/WhatsApp-Image-2026-08-06-at-1.20.04-PM.jpeg 1280w\" sizes=\"(max-width: 1024px) 100vw, 1024px\" \/><\/figure>\n\n\n\n<figure class=\"wp-block-image size-large\"><img decoding=\"async\" loading=\"lazy\" width=\"1024\" height=\"682\" data-id=\"2474\"  src=\"https:\/\/nuestroparche.com\/wp-content\/uploads\/2026\/08\/WhatsApp-Image-2026-08-06-at-2.04.57-PM-1024x682.jpeg\" alt=\"\" class=\"wp-image-2474\" srcset=\"https:\/\/nuestroparche.com\/wp-content\/uploads\/2026\/08\/WhatsApp-Image-2026-08-06-at-2.04.57-PM-1024x682.jpeg 1024w, https:\/\/nuestroparche.com\/wp-content\/uploads\/2026\/08\/WhatsApp-Image-2026-08-06-at-2.04.57-PM-300x200.jpeg 300w, https:\/\/nuestroparche.com\/wp-content\/uploads\/2026\/08\/WhatsApp-Image-2026-08-06-at-2.04.57-PM-768x512.jpeg 768w, https:\/\/nuestroparche.com\/wp-content\/uploads\/2026\/08\/WhatsApp-Image-2026-08-06-at-2.04.57-PM.jpeg 1280w\" sizes=\"(max-width: 1024px) 100vw, 1024px\" \/><\/figure>\n\n\n\n<figure class=\"wp-block-image size-large\"><img decoding=\"async\" loading=\"lazy\" width=\"1024\" height=\"682\" data-id=\"2475\"  src=\"https:\/\/nuestroparche.com\/wp-content\/uploads\/2026\/08\/WhatsApp-Image-2026-08-06-at-8.46.39-PM-1024x682.jpeg\" alt=\"\" class=\"wp-image-2475\" srcset=\"https:\/\/nuestroparche.com\/wp-content\/uploads\/2026\/08\/WhatsApp-Image-2026-08-06-at-8.46.39-PM-1024x682.jpeg 1024w, https:\/\/nuestroparche.com\/wp-content\/uploads\/2026\/08\/WhatsApp-Image-2026-08-06-at-8.46.39-PM-300x200.jpeg 300w, https:\/\/nuestroparche.com\/wp-content\/uploads\/2026\/08\/WhatsApp-Image-2026-08-06-at-8.46.39-PM-768x511.jpeg 768w, https:\/\/nuestroparche.com\/wp-content\/uploads\/2026\/08\/WhatsApp-Image-2026-08-06-at-8.46.39-PM-1536x1022.jpeg 1536w, https:\/\/nuestroparche.com\/wp-content\/uploads\/2026\/08\/WhatsApp-Image-2026-08-06-at-8.46.39-PM.jpeg 1600w\" sizes=\"(max-width: 1024px) 100vw, 1024px\" \/><\/figure>\n\n\n\n<figure class=\"wp-block-image size-large\"><img decoding=\"async\" loading=\"lazy\" width=\"1024\" height=\"681\" data-id=\"2478\"  src=\"https:\/\/nuestroparche.com\/wp-content\/uploads\/2026\/08\/WhatsApp-Image-2026-08-06-at-8.51.46-PM-1024x681.jpeg\" alt=\"\" class=\"wp-image-2478\" srcset=\"https:\/\/nuestroparche.com\/wp-content\/uploads\/2026\/08\/WhatsApp-Image-2026-08-06-at-8.51.46-PM-1024x681.jpeg 1024w, https:\/\/nuestroparche.com\/wp-content\/uploads\/2026\/08\/WhatsApp-Image-2026-08-06-at-8.51.46-PM-300x200.jpeg 300w, https:\/\/nuestroparche.com\/wp-content\/uploads\/2026\/08\/WhatsApp-Image-2026-08-06-at-8.51.46-PM-768x511.jpeg 768w, https:\/\/nuestroparche.com\/wp-content\/uploads\/2026\/08\/WhatsApp-Image-2026-08-06-at-8.51.46-PM-1536x1022.jpeg 1536w, https:\/\/nuestroparche.com\/wp-content\/uploads\/2026\/08\/WhatsApp-Image-2026-08-06-at-8.51.46-PM-2048x1362.jpeg 2048w\" sizes=\"(max-width: 1024px) 100vw, 1024px\" \/><\/figure>\n\n\n\n<figure class=\"wp-block-image size-large\"><img decoding=\"async\" loading=\"lazy\" width=\"1024\" height=\"576\" data-id=\"2476\"  src=\"https:\/\/nuestroparche.com\/wp-content\/uploads\/2026\/08\/WhatsApp-Image-2026-08-06-at-9.07.47-PM-1024x576.jpeg\" alt=\"\" class=\"wp-image-2476\" srcset=\"https:\/\/nuestroparche.com\/wp-content\/uploads\/2026\/08\/WhatsApp-Image-2026-08-06-at-9.07.47-PM-1024x576.jpeg 1024w, https:\/\/nuestroparche.com\/wp-content\/uploads\/2026\/08\/WhatsApp-Image-2026-08-06-at-9.07.47-PM-300x169.jpeg 300w, https:\/\/nuestroparche.com\/wp-content\/uploads\/2026\/08\/WhatsApp-Image-2026-08-06-at-9.07.47-PM-768x432.jpeg 768w, https:\/\/nuestroparche.com\/wp-content\/uploads\/2026\/08\/WhatsApp-Image-2026-08-06-at-9.07.47-PM.jpeg 1280w\" sizes=\"(max-width: 1024px) 100vw, 1024px\" \/><\/figure>\n\n\n\n<figure class=\"wp-block-image size-large\"><img decoding=\"async\" loading=\"lazy\" width=\"1024\" height=\"683\" data-id=\"2473\"  src=\"https:\/\/nuestroparche.com\/wp-content\/uploads\/2026\/08\/WhatsApp-Image-2026-08-06-at-9.12.06-PM-1024x683.jpeg\" alt=\"\" class=\"wp-image-2473\" srcset=\"https:\/\/nuestroparche.com\/wp-content\/uploads\/2026\/08\/WhatsApp-Image-2026-08-06-at-9.12.06-PM-1024x683.jpeg 1024w, https:\/\/nuestroparche.com\/wp-content\/uploads\/2026\/08\/WhatsApp-Image-2026-08-06-at-9.12.06-PM-300x200.jpeg 300w, https:\/\/nuestroparche.com\/wp-content\/uploads\/2026\/08\/WhatsApp-Image-2026-08-06-at-9.12.06-PM-768x512.jpeg 768w, https:\/\/nuestroparche.com\/wp-content\/uploads\/2026\/08\/WhatsApp-Image-2026-08-06-at-9.12.06-PM.jpeg 1280w\" sizes=\"(max-width: 1024px) 100vw, 1024px\" \/><\/figure>\n<\/figure>\n\n\n\n<p>La Secretar\u00eda de Salud P\u00fablica Distrital, por su parte, activ\u00f3 un plan especial con alerta amarilla en toda la red hospitalaria y las EAPB del Distrito, vigente entre el 1 y el 10 de agosto, adem\u00e1s de jornadas de donaci\u00f3n de sangre y anillos de atenci\u00f3n primaria y secundaria alrededor del evento.<\/p>\n\n\n\n<p>Un d\u00eda antes, el jueves 6 de agosto, los colegios p\u00fablicos oficiales de Cali no tuvieron clases presenciales por disposici\u00f3n de la Secretar\u00eda de Educaci\u00f3n, que activ\u00f3 una estrategia pedag\u00f3gica para no afectar la continuidad acad\u00e9mica.<\/p>\n","protected":false},"excerpt":{"rendered":"<p>Cali amanecer\u00e1 este viernes 7 de agosto con d\u00eda sin carro y moto, como parte&#8230;<\/p>\n","protected":false},"author":3,"featured_media":0,"comment_status":"open","ping_status":"open","sticky":false,"template":"","format":"standard","meta":{"om_disable_all_campaigns":false,"_mi_skip_tracking":false},"categories":[1221],"tags":[1225,25,16,1224,1223],"aioseo_notices":[],"_links":{"self":[{"href":"https:\/\/nuestroparche.com\/index.php\/wp-json\/wp\/v2\/posts\/2469"}],"collection":[{"href":"https:\/\/nuestroparche.com\/index.php\/wp-json\/wp\/v2\/posts"}],"about":[{"href":"https:\/\/nuestroparche.com\/index.php\/wp-json\/wp\/v2\/types\/post"}],"author":[{"embeddable":true,"href":"https:\/\/nuestroparche.com\/index.php\/wp-json\/wp\/v2\/users\/3"}],"replies":[{"embeddable":true,"href":"https:\/\/nuestroparche.com\/index.php\/wp-json\/wp\/v2\/comments?post=2469"}],"version-history":[{"count":1,"href":"https:\/\/nuestroparche.com\/index.php\/wp-json\/wp\/v2\/posts\/2469\/revisions"}],"predecessor-version":[{"id":2480,"href":"https:\/\/nuestroparche.com\/index.php\/wp-json\/wp\/v2\/posts\/2469\/revisions\/2480"}],"wp:attachment":[{"href":"https:\/\/nuestroparche.com\/index.php\/wp-json\/wp\/v2\/media?parent=2469"}],"wp:term":[{"taxonomy":"category","embeddable":true,"href":"https:\/\/nuestroparche.com\/index.php\/wp-json\/wp\/v2\/categories?post=2469"},{"taxonomy":"post_tag","embeddable":true,"href":"https:\/\/nuestroparche.com\/index.php\/wp-json\/wp\/v2\/tags?post=2469"}],"curies":[{"name":"wp","href":"https:\/\/api.w.org\/{rel}","templated":true}]}}