{"id":2461,"date":"2026-07-22T21:34:28","date_gmt":"2026-07-22T21:34:28","guid":{"rendered":"https:\/\/nuestroparche.com\/?p=2461"},"modified":"2026-07-22T21:41:31","modified_gmt":"2026-07-22T21:41:31","slug":"editorial-tres-mujeres-dos-meses-y-una-ciudad-que-no-puede-acostumbrarse","status":"publish","type":"post","link":"https:\/\/nuestroparche.com\/index.php\/2026\/07\/22\/editorial-tres-mujeres-dos-meses-y-una-ciudad-que-no-puede-acostumbrarse\/","title":{"rendered":"EDITORIAL | Tres mujeres, dos meses y una ciudad que no puede acostumbrarse"},"content":{"rendered":"\n<figure class=\"wp-block-image size-large\"><img decoding=\"async\" loading=\"lazy\" width=\"1024\" height=\"819\" src=\"https:\/\/nuestroparche.com\/wp-content\/uploads\/2026\/07\/Tres-mujeres-que-ya-no-estan-en-Cali.-1024x819.png\" alt=\"\" class=\"wp-image-2462\" srcset=\"https:\/\/nuestroparche.com\/wp-content\/uploads\/2026\/07\/Tres-mujeres-que-ya-no-estan-en-Cali.-1024x819.png 1024w, https:\/\/nuestroparche.com\/wp-content\/uploads\/2026\/07\/Tres-mujeres-que-ya-no-estan-en-Cali.-300x240.png 300w, https:\/\/nuestroparche.com\/wp-content\/uploads\/2026\/07\/Tres-mujeres-que-ya-no-estan-en-Cali.-768x615.png 768w, https:\/\/nuestroparche.com\/wp-content\/uploads\/2026\/07\/Tres-mujeres-que-ya-no-estan-en-Cali..png 1402w\" sizes=\"(max-width: 1024px) 100vw, 1024px\" \/><figcaption class=\"wp-element-caption\">Foto| Apoyo IA<\/figcaption><\/figure>\n\n\n\n<p><strong>El 21 de mayo de 2026, Marcela G\u00f3mez Sep\u00falveda,<\/strong> de 26 a\u00f1os, sali\u00f3 de su vivienda en el norte de Cali y nunca regres\u00f3; cuatro d\u00edas despu\u00e9s fue hallada sin vida dentro de un costal. <strong>El 27 de mayo<\/strong>, <strong>Jennifer Estrella Guevara C\u00f3rdoba, <\/strong>de 30 a\u00f1os, desapareci\u00f3 en el barrio El Guabal y cinco d\u00edas m\u00e1s tarde su cuerpo fue encontrado en un lote del sur de la ciudad. <strong>El 16 de julio<\/strong>, <strong>Mar\u00eda Camila Potos\u00ed G\u00f3mez, <\/strong>de<strong> <\/strong>21 a\u00f1os y con ocho meses de embarazo, desapareci\u00f3 tras asistir a una cita m\u00e9dica y cuatro d\u00edas despu\u00e9s fue hallada sin vida cerca del r\u00edo Mel\u00e9ndez. Tres mujeres, tres familias y menos de dos meses bastaron para que Cali volviera a enfrentar una realidad que no puede seguir normalizando.<\/p>\n\n\n\n<p>Estos hechos no solo dejan investigaciones judiciales en curso; tambi\u00e9n obligan a preguntarnos si las medidas creadas para proteger a las mujeres est\u00e1n cumpliendo su prop\u00f3sito. Con frecuencia escuchamos hablar de rutas de atenci\u00f3n, medidas de protecci\u00f3n, comisar\u00edas de familia, la L\u00ednea P\u00farpura y otros mecanismos institucionales. Pero cuando una mujer siente miedo, denuncia y pide ayuda, \u00bf<strong>esas herramientas realmente llegan a tiempo?<\/strong><\/p>\n\n\n\n<p>Hace alg\u00fan tiempo conoc\u00ed de cerca el caso de una mujer v\u00edctima de violencia intrafamiliar. La Comisar\u00eda de Familia expidi\u00f3 una medida de protecci\u00f3n y solicit\u00f3 formalmente a la Polic\u00eda realizar rondas peri\u00f3dicas para prevenir cualquier agresi\u00f3n. La orden exist\u00eda. El riesgo tambi\u00e9n. Sin embargo, las rondas nunca se realizaron.<\/p>\n\n\n\n<p>Cuando se busc\u00f3 una explicaci\u00f3n en la estaci\u00f3n de Polic\u00eda, la respuesta fue tan breve como preocupante: <strong>\u00abLa Polic\u00eda no tiene tiempo para estar haciendo esas rondas.\u00bb<\/strong><\/p>\n\n\n\n<p>No se trata de se\u00f1alar a un funcionario en particular, sino de reflexionar sobre una falla que puede costar vidas. <strong>\u00bfDe qu\u00e9 sirve una medida de protecci\u00f3n si termina archivada en una carpeta? \u00bfC\u00f3mo puede sentirse segura una mujer que reuni\u00f3 el valor para denunciar si la respuesta institucional no pasa del papel a la acci\u00f3n?<\/strong><\/p>\n\n\n\n<p><strong>Marcela, Jennifer y Mar\u00eda Camila ya no est\u00e1n. <\/strong>Sus casos deben ser esclarecidos por las autoridades, pero tambi\u00e9n deber\u00edan convertirse en un llamado urgente para revisar si el sistema de protecci\u00f3n est\u00e1 funcionando como deber\u00eda. Porque la verdadera prevenci\u00f3n no empieza cuando una mujer desaparece o cuando su nombre ocupa un titular. Empieza el d\u00eda en que levanta la mano para pedir ayuda y espera que el Estado responda con la misma urgencia con la que ella teme por su vida.<\/p>\n\n\n\n<p><strong>Porque proteger a una mujer no puede ser un protocolo. Debe ser un compromiso real.<\/strong><\/p>\n","protected":false},"excerpt":{"rendered":"<p>El 21 de mayo de 2026, Marcela G\u00f3mez Sep\u00falveda, de 26 a\u00f1os, sali\u00f3 de su&#8230;<\/p>\n","protected":false},"author":3,"featured_media":0,"comment_status":"open","ping_status":"open","sticky":false,"template":"","format":"standard","meta":{"om_disable_all_campaigns":false,"_mi_skip_tracking":false},"categories":[4],"tags":[1217,65,1220],"aioseo_notices":[],"_links":{"self":[{"href":"https:\/\/nuestroparche.com\/index.php\/wp-json\/wp\/v2\/posts\/2461"}],"collection":[{"href":"https:\/\/nuestroparche.com\/index.php\/wp-json\/wp\/v2\/posts"}],"about":[{"href":"https:\/\/nuestroparche.com\/index.php\/wp-json\/wp\/v2\/types\/post"}],"author":[{"embeddable":true,"href":"https:\/\/nuestroparche.com\/index.php\/wp-json\/wp\/v2\/users\/3"}],"replies":[{"embeddable":true,"href":"https:\/\/nuestroparche.com\/index.php\/wp-json\/wp\/v2\/comments?post=2461"}],"version-history":[{"count":1,"href":"https:\/\/nuestroparche.com\/index.php\/wp-json\/wp\/v2\/posts\/2461\/revisions"}],"predecessor-version":[{"id":2463,"href":"https:\/\/nuestroparche.com\/index.php\/wp-json\/wp\/v2\/posts\/2461\/revisions\/2463"}],"wp:attachment":[{"href":"https:\/\/nuestroparche.com\/index.php\/wp-json\/wp\/v2\/media?parent=2461"}],"wp:term":[{"taxonomy":"category","embeddable":true,"href":"https:\/\/nuestroparche.com\/index.php\/wp-json\/wp\/v2\/categories?post=2461"},{"taxonomy":"post_tag","embeddable":true,"href":"https:\/\/nuestroparche.com\/index.php\/wp-json\/wp\/v2\/tags?post=2461"}],"curies":[{"name":"wp","href":"https:\/\/api.w.org\/{rel}","templated":true}]}}